{"id":12428,"date":"2025-04-02T15:17:47","date_gmt":"2025-04-02T15:17:47","guid":{"rendered":"https:\/\/makleradvertising.com\/?p=12428"},"modified":"2026-04-02T13:17:48","modified_gmt":"2026-04-02T13:17:48","slug":"les-enjeux-strategiques-de-la-gestion-de-la-formation-continue-en-france","status":"publish","type":"post","link":"https:\/\/makleradvertising.com\/?p=12428","title":{"rendered":"Les enjeux strat\u00e9giques de la gestion de la formation continue en France"},"content":{"rendered":"<p>Dans un contexte \u00e9conomique en perp\u00e9tuelle mutation, la formation professionnelle continue se r\u00e9v\u00e8le \u00eatre un levier essentiel pour la comp\u00e9titivit\u00e9 des entreprises fran\u00e7aises comme pour l\u2019adaptation des salari\u00e9s. Selon les derni\u00e8res statistiques, pr\u00e8s de <span class=\"highlight\">30 milliards d&#8217;euros<\/span> sont investis chaque ann\u00e9e dans la formation des employ\u00e9s en France, refl\u00e9tant une volont\u00e9 strat\u00e9gique nationale de renforcer le capital humain face aux d\u00e9fis de la digitalisation et de la mondialisation.<\/p>\n<h2>Un contexte r\u00e9glementaire en \u00e9volution<\/h2>\n<p>Le cadre r\u00e9glementaire de la formation continue en France a connu plusieurs r\u00e9formes majeures ces derni\u00e8res ann\u00e9es, visant \u00e0 rendre le syst\u00e8me plus accessible, flexible et align\u00e9 avec les exigences du march\u00e9 du travail. La loi \u00ab Avenir professionnel \u00bb de 2018, par exemple, a renforc\u00e9 le r\u00f4le des OPCO (Op\u00e9rateurs de Comp\u00e9tences) et introduit le budget-formation unique pour simplifier la gestion des financements.<\/p>\n<p>En cons\u00e9quence, les entreprises doivent d\u00e9sormais naviguer dans une complexit\u00e9 accrue pour optimiser leurs budgets formation, n\u00e9cessitant une expertise pr\u00e9cise et des outils de gestion efficaces. Cela met en lumi\u00e8re l&#8217;importance pour les organismes de formation et les employeurs de s\u2019appuyer sur des ressources fiables et actualis\u00e9es, telles que celles disponibles sur <a href=\"https:\/\/larefdescampus.fr\/fr-fr\/\">plus d&#8217;infos ici<\/a>.<\/p>\n<h2>L\u2019innovation p\u00e9dagogique et l\u2019int\u00e9gration du num\u00e9rique<\/h2>\n<p>Face aux enjeux de l\u2019employabilit\u00e9, la digitalisation des formations devient un levier incontournable. Les plateformes de e-learning, la r\u00e9alit\u00e9 virtuelle, et les modules micro-learning s\u2019int\u00e8grent dans des strat\u00e9gies modulables, permettant une adaptation imm\u00e9diate aux besoins des salari\u00e9s. Le rapport \u00ab Panorama de la formation en France \u00bb indique que 65% des formations d\u00e9sormais utilisent au moins un outil num\u00e9rique, illustrant une transformation profonde dans l\u2019offre de formation professionnelle.<\/p>\n<p>Ce virage vers le num\u00e9rique n\u00e9cessite une planification strat\u00e9gique, int\u00e9grant \u00e0 la fois l\u2019efficacit\u00e9 p\u00e9dagogique et la gestion administrative. La ressource plus d&#8217;infos ici offre une synth\u00e8se pr\u00e9cise sur les dispositifs et outils innovants \u00e0 disposition des gestionnaires de formation.<\/p>\n<h2>Les d\u00e9fis de la qualit\u00e9 et de la reconnaissance<\/h2>\n<table>\n<thead>\n<tr>\n<th>Aspect<\/th>\n<th>Enjeux<\/th>\n<th>Solutions et bonnes pratiques<\/th>\n<\/tr>\n<\/thead>\n<tbody>\n<tr>\n<td>Qualit\u00e9 de la formation<\/td>\n<td>Garantir la conformit\u00e9 aux r\u00e9f\u00e9rentiels et la satisfaction des participants<\/td>\n<td>Certification Qualiopi, suivi rigoureux des indicateurs de performance<\/td>\n<\/tr>\n<tr>\n<td>Reconnaissance professionnelle<\/td>\n<td>Faciliter la reconnaissance des comp\u00e9tences acquises<\/td>\n<td>Utilisation du RNCP (R\u00e9pertoire National des Certifications Professionnelles)<\/td>\n<\/tr>\n<tr>\n<td>Suivi et \u00e9valuation<\/td>\n<td>Mesurer l\u2019impact r\u00e9el des actions de formation sur l\u2019emploi et la carri\u00e8re<\/td>\n<td>Outils d\u2019\u00e9valuation continue, enqu\u00eates de satisfaction et suivi post-formation<\/td>\n<\/tr>\n<\/tbody>\n<\/table>\n<h2>Perspectives strat\u00e9giques pour 2024 et au-del\u00e0<\/h2>\n<p>Les entreprises et institutions fran\u00e7aises doivent anticiper une mutation continue. La mont\u00e9e en puissance de l\u2019intelligence artificielle, la personnalisation de l\u2019apprentissage, et la mont\u00e9e en comp\u00e9tences dans les secteurs \u00e9mergents (\u00e9nergies renouvelables, num\u00e9rique, sant\u00e9) imposent une vision \u00e0 long terme de leur politique de formation. La capacit\u00e9 \u00e0 innover et \u00e0 int\u00e9grer des ressources cr\u00e9dibles dans leur gestion strat\u00e9gique est d\u00e9sormais un param\u00e8tre diff\u00e9renciant.<\/p>\n<blockquote><p>\n&#8220;Pour rester comp\u00e9titives, les organisations doivent s\u2019appuyer sur des partenariats solides avec des acteurs experts en formation, comme le r\u00e9v\u00e8le notre analyse approfondie plus d&#8217;infos ici. La qualit\u00e9, l\u2019innovation, et la conformit\u00e9 restent les piliers pour une strat\u00e9gie de formation durable.&#8221;\n<\/p><\/blockquote>\n<h2>Conclusion<\/h2>\n<p>La gestion de la formation continue en France est un v\u00e9ritable enjeu strat\u00e9gique, entre r\u00e9glementation complexe, innovation digitale et qualit\u00e9 des dispositifs. La ma\u00eetrise de ces dimensions, int\u00e9gr\u00e9e dans une d\u00e9marche coh\u00e9rente, permet aux entreprises et aux acteurs de la formation d\u2019anticiper les mutations du march\u00e9 du travail, tout en favorisant le d\u00e9veloppement des comp\u00e9tences pour une croissance durable. Pour approfondir ces th\u00e9matiques et explorer les solutions adapt\u00e9es \u00e0 vos besoins, n\u2019h\u00e9sitez pas \u00e0 consulter plus d&#8217;infos ici.<\/p>\n","protected":false},"excerpt":{"rendered":"<p>Dans un contexte \u00e9conomique en perp\u00e9tuelle mutation, la formation professionnelle continue se r\u00e9v\u00e8le \u00eatre un levier essentiel pour la comp\u00e9titivit\u00e9 [&hellip;]<\/p>\n","protected":false},"author":1,"featured_media":0,"comment_status":"open","ping_status":"open","sticky":false,"template":"","format":"standard","meta":{"_uag_custom_page_level_css":"","site-sidebar-layout":"default","site-content-layout":"","ast-site-content-layout":"default","site-content-style":"default","site-sidebar-style":"default","ast-global-header-display":"","ast-banner-title-visibility":"","ast-main-header-display":"","ast-hfb-above-header-display":"","ast-hfb-below-header-display":"","ast-hfb-mobile-header-display":"","site-post-title":"","ast-breadcrumbs-content":"","ast-featured-img":"","footer-sml-layout":"","ast-disable-related-posts":"","theme-transparent-header-meta":"","adv-header-id-meta":"","stick-header-meta":"","header-above-stick-meta":"","header-main-stick-meta":"","header-below-stick-meta":"","astra-migrate-meta-layouts":"default","ast-page-background-enabled":"default","ast-page-background-meta":{"desktop":{"background-color":"var(--ast-global-color-5)","background-image":"","background-repeat":"repeat","background-position":"center center","background-size":"auto","background-attachment":"scroll","background-type":"","background-media":"","overlay-type":"","overlay-color":"","overlay-opacity":"","overlay-gradient":""},"tablet":{"background-color":"","background-image":"","background-repeat":"repeat","background-position":"center center","background-size":"auto","background-attachment":"scroll","background-type":"","background-media":"","overlay-type":"","overlay-color":"","overlay-opacity":"","overlay-gradient":""},"mobile":{"background-color":"","background-image":"","background-repeat":"repeat","background-position":"center center","background-size":"auto","background-attachment":"scroll","background-type":"","background-media":"","overlay-type":"","overlay-color":"","overlay-opacity":"","overlay-gradient":""}},"ast-content-background-meta":{"desktop":{"background-color":"var(--ast-global-color-4)","background-image":"","background-repeat":"repeat","background-position":"center center","background-size":"auto","background-attachment":"scroll","background-type":"","background-media":"","overlay-type":"","overlay-color":"","overlay-opacity":"","overlay-gradient":""},"tablet":{"background-color":"var(--ast-global-color-4)","background-image":"","background-repeat":"repeat","background-position":"center center","background-size":"auto","background-attachment":"scroll","background-type":"","background-media":"","overlay-type":"","overlay-color":"","overlay-opacity":"","overlay-gradient":""},"mobile":{"background-color":"var(--ast-global-color-4)","background-image":"","background-repeat":"repeat","background-position":"center center","background-size":"auto","background-attachment":"scroll","background-type":"","background-media":"","overlay-type":"","overlay-color":"","overlay-opacity":"","overlay-gradient":""}},"footnotes":""},"categories":[1],"tags":[],"class_list":["post-12428","post","type-post","status-publish","format-standard","hentry","category-uncategorized"],"uagb_featured_image_src":{"full":false,"thumbnail":false,"medium":false,"medium_large":false,"large":false,"1536x1536":false,"2048x2048":false},"uagb_author_info":{"display_name":"maklermagazine@gmail.com","author_link":"https:\/\/makleradvertising.com\/?author=1"},"uagb_comment_info":0,"uagb_excerpt":"Dans un contexte \u00e9conomique en perp\u00e9tuelle mutation, la formation professionnelle continue se r\u00e9v\u00e8le \u00eatre un levier essentiel pour la comp\u00e9titivit\u00e9 [&hellip;]","_links":{"self":[{"href":"https:\/\/makleradvertising.com\/index.php?rest_route=\/wp\/v2\/posts\/12428","targetHints":{"allow":["GET"]}}],"collection":[{"href":"https:\/\/makleradvertising.com\/index.php?rest_route=\/wp\/v2\/posts"}],"about":[{"href":"https:\/\/makleradvertising.com\/index.php?rest_route=\/wp\/v2\/types\/post"}],"author":[{"embeddable":true,"href":"https:\/\/makleradvertising.com\/index.php?rest_route=\/wp\/v2\/users\/1"}],"replies":[{"embeddable":true,"href":"https:\/\/makleradvertising.com\/index.php?rest_route=%2Fwp%2Fv2%2Fcomments&post=12428"}],"version-history":[{"count":1,"href":"https:\/\/makleradvertising.com\/index.php?rest_route=\/wp\/v2\/posts\/12428\/revisions"}],"predecessor-version":[{"id":12429,"href":"https:\/\/makleradvertising.com\/index.php?rest_route=\/wp\/v2\/posts\/12428\/revisions\/12429"}],"wp:attachment":[{"href":"https:\/\/makleradvertising.com\/index.php?rest_route=%2Fwp%2Fv2%2Fmedia&parent=12428"}],"wp:term":[{"taxonomy":"category","embeddable":true,"href":"https:\/\/makleradvertising.com\/index.php?rest_route=%2Fwp%2Fv2%2Fcategories&post=12428"},{"taxonomy":"post_tag","embeddable":true,"href":"https:\/\/makleradvertising.com\/index.php?rest_route=%2Fwp%2Fv2%2Ftags&post=12428"}],"curies":[{"name":"wp","href":"https:\/\/api.w.org\/{rel}","templated":true}]}}